{"id":3617,"date":"2026-04-16T08:46:55","date_gmt":"2026-04-16T08:46:55","guid":{"rendered":"https:\/\/www.petani-lawfirm.com\/?p=3617"},"modified":"2026-04-23T08:57:04","modified_gmt":"2026-04-23T08:57:04","slug":"portugalia-urdher-arresti-evropian-dhe-limiton-e-ekzekutimit","status":"publish","type":"post","link":"https:\/\/www.petani-lawfirm.com\/sq\/portugalia-urdher-arresti-evropian-dhe-limiton-e-ekzekutimit\/","title":{"rendered":"Portugalia: Urdh\u00ebr-Arresti Evropian dhe Limiton e Ekzekutimit"},"content":{"rendered":"\t\t<div data-elementor-type=\"wp-post\" data-elementor-id=\"3617\" class=\"elementor elementor-3617\" data-elementor-post-type=\"post\">\n\t\t\t\t<div class=\"elementor-element elementor-element-3e9cab8 e-con-full e-flex e-con e-parent\" data-id=\"3e9cab8\" data-element_type=\"container\" data-e-type=\"container\">\n\t\t\t\t<div class=\"elementor-element elementor-element-69d551e elementor-widget elementor-widget-html\" data-id=\"69d551e\" data-element_type=\"widget\" data-e-type=\"widget\" data-widget_type=\"html.default\">\n\t\t\t\t<div class=\"elementor-widget-container\">\n\t\t\t\t\t<!DOCTYPE html>\r\n<html lang=\"sq\">\r\n<head>\r\n    <meta charset=\"UTF-8\">\r\n    <meta name=\"viewport\" content=\"width=device-width, initial-scale=1.0\">\r\n    <title>Analiz\u00eb Juridike - Petani Law & Tax<\/title>\r\n    <script src=\"https:\/\/cdn.tailwindcss.com\"><\/script>\r\n    <link href=\"https:\/\/fonts.googleapis.com\/css2?family=Cinzel:wght@400;700&family=Inter:wght@400;600&family=Lora:ital,wght@0,400;0,700;1,400&display=swap\" rel=\"stylesheet\">\r\n    <style>\r\n        body {\r\n            font-family: 'Inter', sans-serif;\r\n            background-color: #f4f1ee; \/* Soft parchment\/beige background *\/\r\n        }\r\n        .serif-text {\r\n            font-family: 'Lora', serif;\r\n        }\r\n        .luxury-title {\r\n            font-family: 'Cinzel', serif;\r\n        }\r\n        .gold-accent {\r\n            color: #af944d;\r\n        }\r\n        .gold-border {\r\n            border-color: #af944d;\r\n        }\r\n        .gold-bg {\r\n            background-color: #af944d;\r\n        }\r\n        .brown-text {\r\n            color: #3d2b1f;\r\n        }\r\n    <\/style>\r\n<\/head>\r\n<body class=\"text-[#3d2b1f] leading-relaxed\">\r\n\r\n    <!-- Blog Section -->\r\n    <article class=\"max-w-5xl mx-auto px-10 md:px-16 py-20 bg-white shadow-2xl border-t-8 gold-border mt-16 mb-16 rounded-sm relative overflow-hidden\">\r\n        \r\n        <!-- Subtle Background Pattern Decoration -->\r\n        <div class=\"absolute top-0 right-0 w-48 h-48 opacity-5 pointer-events-none\">\r\n            <svg viewBox=\"0 0 100 100\" fill=\"none\" xmlns=\"http:\/\/www.w3.org\/2000\/svg\">\r\n                <path d=\"M0 0L100 100M100 0L0 100\" stroke=\"#af944d\" stroke-width=\"2\"\/>\r\n            <\/svg>\r\n        <\/div>\r\n\r\n        <!-- Category & Date -->\r\n        <div class=\"flex items-center space-x-3 text-xs font-bold mb-6\">\r\n            <span class=\"luxury-title tracking-[0.2em] gold-accent uppercase\">E Drejta Penale Nd\u00ebrkomb\u00ebtare<\/span>\r\n            <span class=\"w-12 h-[1px] gold-bg\"><\/span>\r\n            <span class=\"text-stone-400 font-normal uppercase\">PRANVER\u00cb 2025<\/span>\r\n        <\/div>\r\n\r\n        <!-- Title -->\r\n        <h1 class=\"luxury-title text-4xl md:text-6xl font-bold brown-text mb-10 leading-tight\">\r\n            Portugalia: Urdh\u00ebr-Arresti Evropian dhe <span class=\"gold-accent italic\">Limiton<\/span> e Ekzekutimit\r\n        <\/h1>\r\n\r\n        <!-- Author \/ Meta -->\r\n        <div class=\"flex items-center space-x-6 mb-12 pb-8 border-b border-stone-100\">\r\n            <div class=\"w-14 h-14 bg-stone-50 border gold-border rounded-full flex items-center justify-center shadow-inner\">\r\n                <svg class=\"w-8 h-8 gold-accent\" fill=\"none\" stroke=\"currentColor\" viewBox=\"0 0 24 24\">\r\n                    <path stroke-linecap=\"round\" stroke-linejoin=\"round\" stroke-width=\"1.2\" d=\"M3 6l3 1m0 0l-3 9a5.002 5.002 0 006.001 0M6 7l3 9M6 7l6-2m6 2l3-1m-3 1l-3 9a5.002 5.002 0 006.001 0M18 7l3 9m-3-9l-6-2m0-2v2m0 16V5m0 16H9m3 0h3\"><\/path>\r\n                <\/svg>\r\n            <\/div>\r\n            <div>\r\n                <p class=\"text-md font-bold luxury-title tracking-wider brown-text\">Jurisprudenca e Portugalis\u00eb<\/p>\r\n                <p class=\"text-xs gold-accent uppercase tracking-[0.1em]\">Gjykata e Lart\u00eb (Supremo Tribunal de Justi\u00e7a)<\/p>\r\n            <\/div>\r\n        <\/div>\r\n\r\n        <!-- Main Content Grid -->\r\n        <div class=\"serif-text text-xl text-stone-800 space-y-10 leading-[1.8]\">\r\n            \r\n            <p class=\"first-letter:text-6xl first-letter:font-bold first-letter:gold-accent first-letter:mr-4 first-letter:float-left first-letter:mt-2\">\r\n                Gjykata e Lart\u00eb e Portugalis\u00eb ka rr\u00ebzuar rekursin e nj\u00eb shtetaseje portugeze, e cila k\u00ebrkoi refuzimin e ekzekutimit t\u00eb nj\u00eb Urdh\u00ebr-Arresti Evropian (EAW) t\u00eb l\u00ebshuar nga Italia. \u00c7\u00ebshtja rikonfirmon forc\u00ebn e parimit t\u00eb njohjes reciproke midis shteteve t\u00eb Bashkimit Evropian.\r\n            <\/p>\r\n\r\n            <!-- Luxury Blockquote -->\r\n            <div class=\"relative bg-[#faf9f6] border-l-4 gold-border px-10 py-12 my-16 shadow-sm mx-auto max-w-4xl\">\r\n                <svg class=\"absolute top-6 left-6 w-10 h-10 text-stone-200\" fill=\"currentColor\" viewBox=\"0 0 24 24\">\r\n                    <path d=\"M14.017 21v-7.391c0-5.704 3.731-9.57 8.983-10.609l.995 2.151c-2.432.917-3.995 3.638-3.995 5.849h4v10h-9.983zm-14.017 0v-7.391c0-5.704 3.748-9.57 9-10.609l.996 2.154c-2.433.914-3.996 3.638-3.996 5.849h3.983v10h-9.983z\" \/>\r\n                <\/svg>\r\n                <p class=\"italic text-[#5c4033] text-xl relative z-10 pl-8 leading-relaxed\">\r\n                    \"Urdh\u00ebr-Arresti Evropian bazohet n\u00eb njohjen dhe besimin reciprok midis Shteteve An\u00ebtare. Ndalimi i trajtimit \u00e7njer\u00ebzor mbetet nj\u00eb kufi, por k\u00ebrkon prova specifike p\u00ebr rrezikun real ndaj individit.\"\r\n                <\/p>\r\n            <\/div>\r\n\r\n            <div class=\"max-w-4xl\">\r\n                <h2 class=\"luxury-title text-3xl font-bold brown-text mt-16 mb-6\">Analiza e \u00c7\u00ebshtjes dhe Shkaqet e Refuzimit<\/h2>\r\n                <p class=\"mb-8\">\r\n                    Shtetasja akuzohej n\u00eb Itali p\u00ebr vjedhje, rr\u00ebmbim personi dhe arm\u00ebmbajtje pa leje. Mbrojtja e saj u mb\u00ebshtet n\u00eb raportet e Komitetit Evropian p\u00ebr Parandalimin e Tortur\u00ebs dhe shoqat\u00ebs \"Antigone\", t\u00eb cilat d\u00ebshmonin p\u00ebr mang\u00ebsi serioze n\u00eb kushtet e burgjeve italiane, duke pretenduar se ekzekutimi i EAW-s\u00eb do ta ekspozonte at\u00eb ndaj trajtimit degradues.\r\n                <\/p>\r\n\r\n                <p class=\"mb-8 text-stone-600 italic border-l-2 border-stone-200 pl-6\">\r\n                    Gjykata e Lart\u00eb pranoi se ndalimi i trajtimit \u00e7njer\u00ebzor kufizon ekzekutimin e EAW-s\u00eb (referuar jurisprudenc\u00ebs s\u00eb GJDE, C-128\/18), por theksoi se institucioni specifik italian ku do t\u00eb mbahej padit\u00ebsja nuk prekej nga k\u00ebto kushte kritike.\r\n                <\/p>\r\n\r\n                <h2 class=\"luxury-title text-3xl font-bold brown-text mt-16 mb-6 italic border-b-2 gold-border inline-block pb-2\">Konkluzionet e Gjykat\u00ebs s\u00eb Lart\u00eb<\/h2>\r\n                \r\n                <ul class=\"space-y-8 text-stone-700 mt-8\">\r\n                    <li class=\"flex items-start\">\r\n                        <span class=\"gold-accent mr-4 mt-1 text-2xl\">\u2726<\/span>\r\n                        <div>\r\n                            <strong class=\"brown-text\">Besimi Reciprok:<\/strong>\r\n                            Shtetet an\u00ebtare duhet t\u00eb prezumojn\u00eb se sistemi i drejt\u00ebsis\u00eb dhe kushtet e paraburgimit t\u00eb shteteve t\u00eb tjera jan\u00eb n\u00eb p\u00ebrputhje me Kart\u00ebn e t\u00eb Drejtave Themelore, p\u00ebrve\u00e7 rasteve kur provohet nj\u00eb rrezik specifik dhe aktual.\r\n                        <\/div>\r\n                    <\/li>\r\n                    <li class=\"flex items-start\">\r\n                        <span class=\"gold-accent mr-4 mt-1 text-2xl\">\u2726<\/span>\r\n                        <div>\r\n                            <strong class=\"brown-text\">Garancit\u00eb Diplomatike:<\/strong>\r\n                            N\u00eb k\u00ebt\u00eb rast, Italia ofroi garanci se e pandehura do t\u00eb transferohej n\u00eb Portugali p\u00ebr t\u00eb vuajtur d\u00ebnimin e saj, nj\u00eb faktor ky q\u00eb zbuti pretendimet p\u00ebr kushte t\u00eb pap\u00ebrshtatshme burgimi.\r\n                        <\/div>\r\n                    <\/li>\r\n                    <li class=\"flex items-start\">\r\n                        <span class=\"gold-accent mr-4 mt-1 text-2xl\">\u2726<\/span>\r\n                        <div>\r\n                            <strong class=\"brown-text\">Mosverifikimi i Kriminalitetit t\u00eb Dyfisht\u00eb:<\/strong>\r\n                            Meqen\u00ebse veprat penale b\u00ebnin pjes\u00eb n\u00eb list\u00ebn e Nenit 2 t\u00eb Vendimit Kuad\u00ebr 2002\/584\/JHA, shteti ekzekutues (Portugalia) nuk ishte i detyruar t\u00eb verifikonte kriminalitetin e dyfisht\u00eb, por vet\u00ebm identitetin dhe k\u00ebrkesat formale.\r\n                        <\/div>\r\n                    <\/li>\r\n                <\/ul>\r\n\r\n                <div class=\"mt-16 p-8 bg-stone-50 border-l-4 gold-border\">\r\n                    <p class=\"serif-text text-lg\">\r\n                        Ky vendim n\u00ebnvizon se bashk\u00ebpunimi gjyq\u00ebsor brenda BE-s\u00eb mbetet i pathyesh\u00ebm, p\u00ebr sa koh\u00eb ekzistojn\u00eb garanci institucionale q\u00eb mbrojn\u00eb dinjitetin e personit t\u00eb k\u00ebrkuar. Portugalia riafirmoi detyrimin e saj p\u00ebr t'i besuar sistemit italian, duke garantuar nj\u00ebkoh\u00ebsisht t\u00eb drejt\u00ebn e shtetases p\u00ebr ta vuajtur d\u00ebnimin n\u00eb vendlindjen e saj.\r\n                    <\/p>\r\n                <\/div>\r\n            <\/div>\r\n\r\n            <div class=\"mt-20 pt-12 border-t border-stone-100 text-center\">\r\n                <p class=\"text-sm italic gold-accent luxury-title tracking-[0.3em] opacity-80\">\r\n                    Jurisprudenca Nd\u00ebrkomb\u00ebtare \u2022 MMXXV\r\n                <\/p>\r\n            <\/div>\r\n        <\/div>\r\n\r\n        <!-- Luxury Tags -->\r\n        <div class=\"mt-16 flex flex-wrap gap-4\">\r\n            <span class=\"px-6 py-2 border border-stone-200 text-[#3d2b1f] text-xs uppercase tracking-widest luxury-title hover:gold-border hover:gold-accent transition-all duration-300 cursor-pointer hover:bg-stone-50\">Urdh\u00ebr-Arrest Evropian<\/span>\r\n            <span class=\"px-6 py-2 border border-stone-200 text-[#3d2b1f] text-xs uppercase tracking-widest luxury-title hover:gold-border hover:gold-accent transition-all duration-300 cursor-pointer hover:bg-stone-50\">T\u00eb Drejtat e Njeriut<\/span>\r\n            <span class=\"px-6 py-2 border border-stone-200 text-[#3d2b1f] text-xs uppercase tracking-widest luxury-title hover:gold-border hover:gold-accent transition-all duration-300 cursor-pointer hover:bg-stone-50\">BE Legjislacioni<\/span>\r\n        <\/div>\r\n\r\n    <\/article>\r\n\r\n<\/body>\r\n<\/html>\t\t\t\t<\/div>\n\t\t\t\t<\/div>\n\t\t\t\t<\/div>\n\t\t\t\t<\/div>\n\t\t","protected":false},"excerpt":{"rendered":"<p>&nbsp; E Drejta Penale Nd\u00ebrkomb\u00ebtare PRANVER\u00cb 2025 Portugalia: Urdh\u00ebr-Arresti Evropian dhe Limiton e Ekzekutimit Jurisprudenca e Portugalis\u00eb Gjykata e Lart\u00eb (Supremo Tribunal de Justi\u00e7a) Gjykata e Lart\u00eb e Portugalis\u00eb ka rr\u00ebzuar rekursin e nj\u00eb shtetaseje portugeze, e cila k\u00ebrkoi refuzimin e ekzekutimit t\u00eb nj\u00eb Urdh\u00ebr-Arresti Evropian (EAW) t\u00eb l\u00ebshuar nga Italia. \u00c7\u00ebshtja rikonfirmon forc\u00ebn e [&hellip;]<\/p>\n","protected":false},"author":1,"featured_media":3637,"comment_status":"open","ping_status":"open","sticky":false,"template":"","format":"standard","meta":{"footnotes":""},"categories":[1],"tags":[],"class_list":["post-3617","post","type-post","status-publish","format-standard","has-post-thumbnail","hentry","category-news"],"yoast_head":"<!-- This site is optimized with the Yoast SEO plugin v27.5 - https:\/\/yoast.com\/product\/yoast-seo-wordpress\/ -->\n<title>Portugalia: Urdh\u00ebr-Arresti Evropian dhe Limiton e Ekzekutimit - Petani Law Firm<\/title>\n<meta name=\"robots\" content=\"index, follow, max-snippet:-1, max-image-preview:large, max-video-preview:-1\" \/>\n<link rel=\"canonical\" href=\"https:\/\/www.petani-lawfirm.com\/sq\/portugalia-urdher-arresti-evropian-dhe-limiton-e-ekzekutimit\/\" \/>\n<meta property=\"og:locale\" content=\"sq_AL\" \/>\n<meta property=\"og:type\" content=\"article\" \/>\n<meta property=\"og:title\" content=\"Portugalia: Urdh\u00ebr-Arresti Evropian dhe Limiton e Ekzekutimit - Petani Law Firm\" \/>\n<meta property=\"og:description\" content=\"&nbsp; E Drejta Penale Nd\u00ebrkomb\u00ebtare PRANVER\u00cb 2025 Portugalia: Urdh\u00ebr-Arresti Evropian dhe Limiton e Ekzekutimit Jurisprudenca e Portugalis\u00eb Gjykata e Lart\u00eb (Supremo Tribunal de Justi\u00e7a) Gjykata e Lart\u00eb e Portugalis\u00eb ka rr\u00ebzuar rekursin e nj\u00eb shtetaseje portugeze, e cila k\u00ebrkoi refuzimin e ekzekutimit t\u00eb nj\u00eb Urdh\u00ebr-Arresti Evropian (EAW) t\u00eb l\u00ebshuar nga Italia. \u00c7\u00ebshtja rikonfirmon forc\u00ebn e [&hellip;]\" \/>\n<meta property=\"og:url\" content=\"https:\/\/www.petani-lawfirm.com\/sq\/portugalia-urdher-arresti-evropian-dhe-limiton-e-ekzekutimit\/\" \/>\n<meta property=\"og:site_name\" content=\"Petani Law Firm\" \/>\n<meta property=\"article:published_time\" content=\"2026-04-16T08:46:55+00:00\" \/>\n<meta property=\"article:modified_time\" content=\"2026-04-23T08:57:04+00:00\" \/>\n<meta property=\"og:image\" content=\"https:\/\/www.petani-lawfirm.com\/wp-content\/uploads\/2026\/04\/case-studies-petani-scaled.webp\" \/>\n\t<meta property=\"og:image:width\" content=\"2560\" \/>\n\t<meta property=\"og:image:height\" content=\"2560\" \/>\n\t<meta property=\"og:image:type\" content=\"image\/webp\" \/>\n<meta name=\"author\" content=\"Stafi\" \/>\n<meta name=\"twitter:card\" content=\"summary_large_image\" \/>\n<meta name=\"twitter:label1\" content=\"Written by\" \/>\n\t<meta name=\"twitter:data1\" content=\"Stafi\" \/>\n\t<meta name=\"twitter:label2\" content=\"Est. reading time\" \/>\n\t<meta name=\"twitter:data2\" content=\"2 minuta\" \/>\n<script type=\"application\/ld+json\" class=\"yoast-schema-graph\">{\"@context\":\"https:\\\/\\\/schema.org\",\"@graph\":[{\"@type\":\"Article\",\"@id\":\"https:\\\/\\\/www.petani-lawfirm.com\\\/portugalia-urdher-arresti-evropian-dhe-limiton-e-ekzekutimit\\\/#article\",\"isPartOf\":{\"@id\":\"https:\\\/\\\/www.petani-lawfirm.com\\\/portugalia-urdher-arresti-evropian-dhe-limiton-e-ekzekutimit\\\/\"},\"author\":{\"name\":\"Stafi\",\"@id\":\"https:\\\/\\\/www.petani-lawfirm.com\\\/sq\\\/#\\\/schema\\\/person\\\/6dde4e6d9a37ed818d90e2333ea4df90\"},\"headline\":\"Portugalia: Urdh\u00ebr-Arresti Evropian dhe Limiton e Ekzekutimit\",\"datePublished\":\"2026-04-16T08:46:55+00:00\",\"dateModified\":\"2026-04-23T08:57:04+00:00\",\"mainEntityOfPage\":{\"@id\":\"https:\\\/\\\/www.petani-lawfirm.com\\\/portugalia-urdher-arresti-evropian-dhe-limiton-e-ekzekutimit\\\/\"},\"wordCount\":426,\"commentCount\":0,\"publisher\":{\"@id\":\"https:\\\/\\\/www.petani-lawfirm.com\\\/sq\\\/#organization\"},\"image\":{\"@id\":\"https:\\\/\\\/www.petani-lawfirm.com\\\/portugalia-urdher-arresti-evropian-dhe-limiton-e-ekzekutimit\\\/#primaryimage\"},\"thumbnailUrl\":\"https:\\\/\\\/www.petani-lawfirm.com\\\/wp-content\\\/uploads\\\/2026\\\/04\\\/case-studies-petani-scaled.webp\",\"articleSection\":[\"News\"],\"inLanguage\":\"sq\",\"potentialAction\":[{\"@type\":\"CommentAction\",\"name\":\"Comment\",\"target\":[\"https:\\\/\\\/www.petani-lawfirm.com\\\/portugalia-urdher-arresti-evropian-dhe-limiton-e-ekzekutimit\\\/#respond\"]}]},{\"@type\":\"WebPage\",\"@id\":\"https:\\\/\\\/www.petani-lawfirm.com\\\/portugalia-urdher-arresti-evropian-dhe-limiton-e-ekzekutimit\\\/\",\"url\":\"https:\\\/\\\/www.petani-lawfirm.com\\\/portugalia-urdher-arresti-evropian-dhe-limiton-e-ekzekutimit\\\/\",\"name\":\"Portugalia: Urdh\u00ebr-Arresti Evropian dhe Limiton e Ekzekutimit - Petani Law Firm\",\"isPartOf\":{\"@id\":\"https:\\\/\\\/www.petani-lawfirm.com\\\/sq\\\/#website\"},\"primaryImageOfPage\":{\"@id\":\"https:\\\/\\\/www.petani-lawfirm.com\\\/portugalia-urdher-arresti-evropian-dhe-limiton-e-ekzekutimit\\\/#primaryimage\"},\"image\":{\"@id\":\"https:\\\/\\\/www.petani-lawfirm.com\\\/portugalia-urdher-arresti-evropian-dhe-limiton-e-ekzekutimit\\\/#primaryimage\"},\"thumbnailUrl\":\"https:\\\/\\\/www.petani-lawfirm.com\\\/wp-content\\\/uploads\\\/2026\\\/04\\\/case-studies-petani-scaled.webp\",\"datePublished\":\"2026-04-16T08:46:55+00:00\",\"dateModified\":\"2026-04-23T08:57:04+00:00\",\"breadcrumb\":{\"@id\":\"https:\\\/\\\/www.petani-lawfirm.com\\\/portugalia-urdher-arresti-evropian-dhe-limiton-e-ekzekutimit\\\/#breadcrumb\"},\"inLanguage\":\"sq\",\"potentialAction\":[{\"@type\":\"ReadAction\",\"target\":[\"https:\\\/\\\/www.petani-lawfirm.com\\\/portugalia-urdher-arresti-evropian-dhe-limiton-e-ekzekutimit\\\/\"]}]},{\"@type\":\"ImageObject\",\"inLanguage\":\"sq\",\"@id\":\"https:\\\/\\\/www.petani-lawfirm.com\\\/portugalia-urdher-arresti-evropian-dhe-limiton-e-ekzekutimit\\\/#primaryimage\",\"url\":\"https:\\\/\\\/www.petani-lawfirm.com\\\/wp-content\\\/uploads\\\/2026\\\/04\\\/case-studies-petani-scaled.webp\",\"contentUrl\":\"https:\\\/\\\/www.petani-lawfirm.com\\\/wp-content\\\/uploads\\\/2026\\\/04\\\/case-studies-petani-scaled.webp\",\"width\":2560,\"height\":2560},{\"@type\":\"BreadcrumbList\",\"@id\":\"https:\\\/\\\/www.petani-lawfirm.com\\\/portugalia-urdher-arresti-evropian-dhe-limiton-e-ekzekutimit\\\/#breadcrumb\",\"itemListElement\":[{\"@type\":\"ListItem\",\"position\":1,\"name\":\"Home\",\"item\":\"https:\\\/\\\/www.petani-lawfirm.com\\\/\"},{\"@type\":\"ListItem\",\"position\":2,\"name\":\"Portugalia: Urdh\u00ebr-Arresti Evropian dhe Limiton e Ekzekutimit\"}]},{\"@type\":\"WebSite\",\"@id\":\"https:\\\/\\\/www.petani-lawfirm.com\\\/sq\\\/#website\",\"url\":\"https:\\\/\\\/www.petani-lawfirm.com\\\/sq\\\/\",\"name\":\"Petani Law Firm\",\"description\":\"Law Firm in Durr\u00ebs\",\"publisher\":{\"@id\":\"https:\\\/\\\/www.petani-lawfirm.com\\\/sq\\\/#organization\"},\"potentialAction\":[{\"@type\":\"SearchAction\",\"target\":{\"@type\":\"EntryPoint\",\"urlTemplate\":\"https:\\\/\\\/www.petani-lawfirm.com\\\/sq\\\/?s={search_term_string}\"},\"query-input\":{\"@type\":\"PropertyValueSpecification\",\"valueRequired\":true,\"valueName\":\"search_term_string\"}}],\"inLanguage\":\"sq\"},{\"@type\":\"Organization\",\"@id\":\"https:\\\/\\\/www.petani-lawfirm.com\\\/sq\\\/#organization\",\"name\":\"Petani Law Firm\",\"url\":\"https:\\\/\\\/www.petani-lawfirm.com\\\/sq\\\/\",\"logo\":{\"@type\":\"ImageObject\",\"inLanguage\":\"sq\",\"@id\":\"https:\\\/\\\/www.petani-lawfirm.com\\\/sq\\\/#\\\/schema\\\/logo\\\/image\\\/\",\"url\":\"https:\\\/\\\/www.petani-lawfirm.com\\\/wp-content\\\/uploads\\\/2024\\\/04\\\/logo.png\",\"contentUrl\":\"https:\\\/\\\/www.petani-lawfirm.com\\\/wp-content\\\/uploads\\\/2024\\\/04\\\/logo.png\",\"width\":500,\"height\":155,\"caption\":\"Petani Law Firm\"},\"image\":{\"@id\":\"https:\\\/\\\/www.petani-lawfirm.com\\\/sq\\\/#\\\/schema\\\/logo\\\/image\\\/\"}},{\"@type\":\"Person\",\"@id\":\"https:\\\/\\\/www.petani-lawfirm.com\\\/sq\\\/#\\\/schema\\\/person\\\/6dde4e6d9a37ed818d90e2333ea4df90\",\"name\":\"Stafi\",\"image\":{\"@type\":\"ImageObject\",\"inLanguage\":\"sq\",\"@id\":\"https:\\\/\\\/www.petani-lawfirm.com\\\/wp-content\\\/uploads\\\/2025\\\/04\\\/cropped-Untitled-design-30-1-96x96.png\",\"url\":\"https:\\\/\\\/www.petani-lawfirm.com\\\/wp-content\\\/uploads\\\/2025\\\/04\\\/cropped-Untitled-design-30-1-96x96.png\",\"contentUrl\":\"https:\\\/\\\/www.petani-lawfirm.com\\\/wp-content\\\/uploads\\\/2025\\\/04\\\/cropped-Untitled-design-30-1-96x96.png\",\"caption\":\"Stafi\"},\"sameAs\":[\"https:\\\/\\\/www.petani-lawfirm.com\"],\"url\":\"https:\\\/\\\/www.petani-lawfirm.com\\\/sq\\\/author\\\/admin\\\/\"}]}<\/script>\n<!-- \/ Yoast SEO plugin. -->","yoast_head_json":{"title":"Portugalia: Urdh\u00ebr-Arresti Evropian dhe Limiton e Ekzekutimit - Petani Law Firm","robots":{"index":"index","follow":"follow","max-snippet":"max-snippet:-1","max-image-preview":"max-image-preview:large","max-video-preview":"max-video-preview:-1"},"canonical":"https:\/\/www.petani-lawfirm.com\/sq\/portugalia-urdher-arresti-evropian-dhe-limiton-e-ekzekutimit\/","og_locale":"sq_AL","og_type":"article","og_title":"Portugalia: Urdh\u00ebr-Arresti Evropian dhe Limiton e Ekzekutimit - Petani Law Firm","og_description":"&nbsp; E Drejta Penale Nd\u00ebrkomb\u00ebtare PRANVER\u00cb 2025 Portugalia: Urdh\u00ebr-Arresti Evropian dhe Limiton e Ekzekutimit Jurisprudenca e Portugalis\u00eb Gjykata e Lart\u00eb (Supremo Tribunal de Justi\u00e7a) Gjykata e Lart\u00eb e Portugalis\u00eb ka rr\u00ebzuar rekursin e nj\u00eb shtetaseje portugeze, e cila k\u00ebrkoi refuzimin e ekzekutimit t\u00eb nj\u00eb Urdh\u00ebr-Arresti Evropian (EAW) t\u00eb l\u00ebshuar nga Italia. \u00c7\u00ebshtja rikonfirmon forc\u00ebn e [&hellip;]","og_url":"https:\/\/www.petani-lawfirm.com\/sq\/portugalia-urdher-arresti-evropian-dhe-limiton-e-ekzekutimit\/","og_site_name":"Petani Law Firm","article_published_time":"2026-04-16T08:46:55+00:00","article_modified_time":"2026-04-23T08:57:04+00:00","og_image":[{"width":2560,"height":2560,"url":"https:\/\/www.petani-lawfirm.com\/wp-content\/uploads\/2026\/04\/case-studies-petani-scaled.webp","type":"image\/webp"}],"author":"Stafi","twitter_card":"summary_large_image","twitter_misc":{"Written by":"Stafi","Est. reading time":"2 minuta"},"schema":{"@context":"https:\/\/schema.org","@graph":[{"@type":"Article","@id":"https:\/\/www.petani-lawfirm.com\/portugalia-urdher-arresti-evropian-dhe-limiton-e-ekzekutimit\/#article","isPartOf":{"@id":"https:\/\/www.petani-lawfirm.com\/portugalia-urdher-arresti-evropian-dhe-limiton-e-ekzekutimit\/"},"author":{"name":"Stafi","@id":"https:\/\/www.petani-lawfirm.com\/sq\/#\/schema\/person\/6dde4e6d9a37ed818d90e2333ea4df90"},"headline":"Portugalia: Urdh\u00ebr-Arresti Evropian dhe Limiton e Ekzekutimit","datePublished":"2026-04-16T08:46:55+00:00","dateModified":"2026-04-23T08:57:04+00:00","mainEntityOfPage":{"@id":"https:\/\/www.petani-lawfirm.com\/portugalia-urdher-arresti-evropian-dhe-limiton-e-ekzekutimit\/"},"wordCount":426,"commentCount":0,"publisher":{"@id":"https:\/\/www.petani-lawfirm.com\/sq\/#organization"},"image":{"@id":"https:\/\/www.petani-lawfirm.com\/portugalia-urdher-arresti-evropian-dhe-limiton-e-ekzekutimit\/#primaryimage"},"thumbnailUrl":"https:\/\/www.petani-lawfirm.com\/wp-content\/uploads\/2026\/04\/case-studies-petani-scaled.webp","articleSection":["News"],"inLanguage":"sq","potentialAction":[{"@type":"CommentAction","name":"Comment","target":["https:\/\/www.petani-lawfirm.com\/portugalia-urdher-arresti-evropian-dhe-limiton-e-ekzekutimit\/#respond"]}]},{"@type":"WebPage","@id":"https:\/\/www.petani-lawfirm.com\/portugalia-urdher-arresti-evropian-dhe-limiton-e-ekzekutimit\/","url":"https:\/\/www.petani-lawfirm.com\/portugalia-urdher-arresti-evropian-dhe-limiton-e-ekzekutimit\/","name":"Portugalia: Urdh\u00ebr-Arresti Evropian dhe Limiton e Ekzekutimit - Petani Law Firm","isPartOf":{"@id":"https:\/\/www.petani-lawfirm.com\/sq\/#website"},"primaryImageOfPage":{"@id":"https:\/\/www.petani-lawfirm.com\/portugalia-urdher-arresti-evropian-dhe-limiton-e-ekzekutimit\/#primaryimage"},"image":{"@id":"https:\/\/www.petani-lawfirm.com\/portugalia-urdher-arresti-evropian-dhe-limiton-e-ekzekutimit\/#primaryimage"},"thumbnailUrl":"https:\/\/www.petani-lawfirm.com\/wp-content\/uploads\/2026\/04\/case-studies-petani-scaled.webp","datePublished":"2026-04-16T08:46:55+00:00","dateModified":"2026-04-23T08:57:04+00:00","breadcrumb":{"@id":"https:\/\/www.petani-lawfirm.com\/portugalia-urdher-arresti-evropian-dhe-limiton-e-ekzekutimit\/#breadcrumb"},"inLanguage":"sq","potentialAction":[{"@type":"ReadAction","target":["https:\/\/www.petani-lawfirm.com\/portugalia-urdher-arresti-evropian-dhe-limiton-e-ekzekutimit\/"]}]},{"@type":"ImageObject","inLanguage":"sq","@id":"https:\/\/www.petani-lawfirm.com\/portugalia-urdher-arresti-evropian-dhe-limiton-e-ekzekutimit\/#primaryimage","url":"https:\/\/www.petani-lawfirm.com\/wp-content\/uploads\/2026\/04\/case-studies-petani-scaled.webp","contentUrl":"https:\/\/www.petani-lawfirm.com\/wp-content\/uploads\/2026\/04\/case-studies-petani-scaled.webp","width":2560,"height":2560},{"@type":"BreadcrumbList","@id":"https:\/\/www.petani-lawfirm.com\/portugalia-urdher-arresti-evropian-dhe-limiton-e-ekzekutimit\/#breadcrumb","itemListElement":[{"@type":"ListItem","position":1,"name":"Home","item":"https:\/\/www.petani-lawfirm.com\/"},{"@type":"ListItem","position":2,"name":"Portugalia: Urdh\u00ebr-Arresti Evropian dhe Limiton e Ekzekutimit"}]},{"@type":"WebSite","@id":"https:\/\/www.petani-lawfirm.com\/sq\/#website","url":"https:\/\/www.petani-lawfirm.com\/sq\/","name":"Petani Law Firm","description":"Law Firm in Durr\u00ebs","publisher":{"@id":"https:\/\/www.petani-lawfirm.com\/sq\/#organization"},"potentialAction":[{"@type":"SearchAction","target":{"@type":"EntryPoint","urlTemplate":"https:\/\/www.petani-lawfirm.com\/sq\/?s={search_term_string}"},"query-input":{"@type":"PropertyValueSpecification","valueRequired":true,"valueName":"search_term_string"}}],"inLanguage":"sq"},{"@type":"Organization","@id":"https:\/\/www.petani-lawfirm.com\/sq\/#organization","name":"Petani Law Firm","url":"https:\/\/www.petani-lawfirm.com\/sq\/","logo":{"@type":"ImageObject","inLanguage":"sq","@id":"https:\/\/www.petani-lawfirm.com\/sq\/#\/schema\/logo\/image\/","url":"https:\/\/www.petani-lawfirm.com\/wp-content\/uploads\/2024\/04\/logo.png","contentUrl":"https:\/\/www.petani-lawfirm.com\/wp-content\/uploads\/2024\/04\/logo.png","width":500,"height":155,"caption":"Petani Law Firm"},"image":{"@id":"https:\/\/www.petani-lawfirm.com\/sq\/#\/schema\/logo\/image\/"}},{"@type":"Person","@id":"https:\/\/www.petani-lawfirm.com\/sq\/#\/schema\/person\/6dde4e6d9a37ed818d90e2333ea4df90","name":"Stafi","image":{"@type":"ImageObject","inLanguage":"sq","@id":"https:\/\/www.petani-lawfirm.com\/wp-content\/uploads\/2025\/04\/cropped-Untitled-design-30-1-96x96.png","url":"https:\/\/www.petani-lawfirm.com\/wp-content\/uploads\/2025\/04\/cropped-Untitled-design-30-1-96x96.png","contentUrl":"https:\/\/www.petani-lawfirm.com\/wp-content\/uploads\/2025\/04\/cropped-Untitled-design-30-1-96x96.png","caption":"Stafi"},"sameAs":["https:\/\/www.petani-lawfirm.com"],"url":"https:\/\/www.petani-lawfirm.com\/sq\/author\/admin\/"}]}},"_links":{"self":[{"href":"https:\/\/www.petani-lawfirm.com\/sq\/wp-json\/wp\/v2\/posts\/3617","targetHints":{"allow":["GET"]}}],"collection":[{"href":"https:\/\/www.petani-lawfirm.com\/sq\/wp-json\/wp\/v2\/posts"}],"about":[{"href":"https:\/\/www.petani-lawfirm.com\/sq\/wp-json\/wp\/v2\/types\/post"}],"author":[{"embeddable":true,"href":"https:\/\/www.petani-lawfirm.com\/sq\/wp-json\/wp\/v2\/users\/1"}],"replies":[{"embeddable":true,"href":"https:\/\/www.petani-lawfirm.com\/sq\/wp-json\/wp\/v2\/comments?post=3617"}],"version-history":[{"count":5,"href":"https:\/\/www.petani-lawfirm.com\/sq\/wp-json\/wp\/v2\/posts\/3617\/revisions"}],"predecessor-version":[{"id":3638,"href":"https:\/\/www.petani-lawfirm.com\/sq\/wp-json\/wp\/v2\/posts\/3617\/revisions\/3638"}],"wp:featuredmedia":[{"embeddable":true,"href":"https:\/\/www.petani-lawfirm.com\/sq\/wp-json\/wp\/v2\/media\/3637"}],"wp:attachment":[{"href":"https:\/\/www.petani-lawfirm.com\/sq\/wp-json\/wp\/v2\/media?parent=3617"}],"wp:term":[{"taxonomy":"category","embeddable":true,"href":"https:\/\/www.petani-lawfirm.com\/sq\/wp-json\/wp\/v2\/categories?post=3617"},{"taxonomy":"post_tag","embeddable":true,"href":"https:\/\/www.petani-lawfirm.com\/sq\/wp-json\/wp\/v2\/tags?post=3617"}],"curies":[{"name":"wp","href":"https:\/\/api.w.org\/{rel}","templated":true}]}}