{"id":3348,"date":"2026-01-27T14:45:38","date_gmt":"2026-01-27T14:45:38","guid":{"rendered":"https:\/\/www.petani-lawfirm.com\/?p=3348"},"modified":"2026-02-12T12:24:50","modified_gmt":"2026-02-12T12:24:50","slug":"petani-law-tax-ne-ceremonine-solemne-te-hapjes-se-vitit-gjyqesor","status":"publish","type":"post","link":"https:\/\/www.petani-lawfirm.com\/sq\/petani-law-tax-ne-ceremonine-solemne-te-hapjes-se-vitit-gjyqesor\/","title":{"rendered":"Petani Law &#038; Tax n\u00eb ceremonin\u00eb solemne t\u00eb hapjes s\u00eb vitit gjyq\u00ebsor"},"content":{"rendered":"\t\t<div data-elementor-type=\"wp-post\" data-elementor-id=\"3348\" class=\"elementor elementor-3348\" data-elementor-post-type=\"post\">\n\t\t\t\t<div class=\"elementor-element elementor-element-42947dde e-flex e-con-boxed e-con e-parent\" data-id=\"42947dde\" data-element_type=\"container\" data-e-type=\"container\">\n\t\t\t\t\t<div class=\"e-con-inner\">\n\t\t\t\t<div class=\"elementor-element elementor-element-2296814 elementor-widget elementor-widget-html\" data-id=\"2296814\" data-element_type=\"widget\" data-e-type=\"widget\" data-widget_type=\"html.default\">\n\t\t\t\t<div class=\"elementor-widget-container\">\n\t\t\t\t\t<!DOCTYPE html>\r\n<html lang=\"sq\">\r\n<head>\r\n    <meta charset=\"UTF-8\">\r\n    <meta name=\"viewport\" content=\"width=device-width, initial-scale=1.0\">\r\n    <script src=\"https:\/\/cdn.tailwindcss.com\"><\/script>\r\n    <style>\r\n        @import url('https:\/\/fonts.googleapis.com\/css2?family=Inter:wght@300;400;600;700&display=swap');\r\n        body { font-family: 'Inter', sans-serif; }\r\n        .gallery-img { transition: transform 0.3s ease; }\r\n        .gallery-img:hover { transform: scale(1.03); }\r\n        \r\n        \/* Enforcing white text for the header regardless of external CSS *\/\r\n        .force-white { color: #ffffff !important; }\r\n        .force-blue-light { color: #60a5fa !important; }\r\n        .force-slate-light { color: #cbd5e1 !important; }\r\n    <\/style>\r\n<\/head>\r\n<body class=\"bg-gray-50 py-12 px-4\">\r\n\r\n    <!-- Blog Section Start -->\r\n    <article class=\"max-w-4xl mx-auto bg-white shadow-xl rounded-2xl overflow-hidden border border-gray-100\">\r\n        \r\n        <!-- Header Section -->\r\n        <header class=\"bg-slate-900 p-8 md:p-12\">\r\n            <div class=\"uppercase tracking-widest text-sm font-semibold mb-4 force-blue-light\">Lajme & Ngjarje<\/div>\r\n            <h1 class=\"text-3xl md:text-4xl font-bold leading-tight mb-6 force-white\">\r\n                P\u00ebr her\u00eb t\u00eb par\u00eb n\u00eb histori: Ceremonia Solemne e Hapjes s\u00eb Vitit Gjyq\u00ebsor\r\n            <\/h1>\r\n            <div class=\"flex items-center gap-4\">\r\n                <div class=\"h-1 w-20 bg-blue-500\"><\/div>\r\n                <span class=\"text-lg force-slate-light\">Gjykata e Lart\u00eb e Shqip\u00ebris\u00eb<\/span>\r\n            <\/div>\r\n        <\/header>\r\n\r\n        <!-- Content Section -->\r\n        <div class=\"p-8 md:p-12 space-y-6 text-gray-700 leading-relaxed text-lg\">\r\n            <p class=\"font-medium text-gray-900 italic\">\r\n                P\u00ebr her\u00eb t\u00eb par\u00eb n\u00eb historin\u00eb e shtetit shqiptar, n\u00eb sall\u00ebn e Kolegjeve t\u00eb Bashkuara t\u00eb Gjykat\u00ebs s\u00eb Lart\u00eb u zhvillua ceremonia solemne e hapjes s\u00eb Vitit Gjyq\u00ebsor, nj\u00eb ngjarje me r\u00ebnd\u00ebsi t\u00eb ve\u00e7ant\u00eb institucionale q\u00eb synon vendosjen e nj\u00eb tradite t\u00eb p\u00ebrvitshme reflektimi, p\u00ebrgjegj\u00ebsie dhe transparence ndaj publikut.\r\n            <\/p>\r\n            \r\n            <p>\r\n                Ceremonia u karakterizua nga mesazhe t\u00eb qarta mbi pavar\u00ebsin\u00eb e drejt\u00ebsis\u00eb, forcimin e standardeve profesionale dhe r\u00ebnd\u00ebsin\u00eb e bashk\u00ebpunimit nd\u00ebrinstitucional n\u00eb funksion t\u00eb nd\u00ebrtimit t\u00eb besimit publik dhe konsolidimit t\u00eb shtetit t\u00eb s\u00eb drejt\u00ebs.\r\n            <\/p>\r\n\r\n            <div class=\"bg-slate-50 border-l-4 border-blue-600 p-6 my-8 shadow-sm\">\r\n                <p class=\"text-gray-800\">\r\n                    N\u00eb k\u00ebt\u00eb ngjarje mor\u00ebn pjes\u00eb p\u00ebrfaq\u00ebsuesit m\u00eb t\u00eb lart\u00eb t\u00eb institucioneve t\u00eb sistemit t\u00eb drejt\u00ebsis\u00eb. <strong>Petani Law & Tax<\/strong> u p\u00ebrfaq\u00ebsua nga CEO i saj, <strong>z. Lorval Petani<\/strong>, duke riafirmuar angazhimin e firm\u00ebs p\u00ebr t\u00eb qen\u00eb pjes\u00eb aktive e dialogut institucional dhe e proceseve q\u00eb synojn\u00eb forcimin e drejt\u00ebsis\u00eb, integritetin profesional dhe garantimin e nj\u00eb sistemi gjyq\u00ebsor efikas dhe transparent.\r\n                <\/p>\r\n            <\/div>\r\n\r\n            <p>\r\n                Pjes\u00ebmarrja n\u00eb k\u00ebt\u00eb ceremoni pasqyron vizionin e Petani Law & Tax p\u00ebr nj\u00eb drejt\u00ebsi t\u00eb pavarur, me standarde t\u00eb larta profesionale dhe rezultate konkrete n\u00eb sh\u00ebrbim t\u00eb qytetarit dhe komunitetit t\u00eb biznesit.\r\n            <\/p>\r\n        <\/div>\r\n\r\n        <!-- Image Gallery -->\r\n        <section class=\"p-8 md:p-12 bg-gray-50 border-t border-gray-100\">\r\n            <h3 class=\"text-2xl font-bold text-slate-800 mb-8\">\r\n                Galeria e Ngjarjes\r\n            <\/h3>\r\n            \r\n            <div class=\"grid grid-cols-1 md:grid-cols-2 gap-6\">\r\n                <div class=\"cursor-pointer overflow-hidden rounded-xl shadow-lg bg-white\" onclick=\"openModal(this.querySelector('img').src)\">\r\n                    <img decoding=\"async\" src=\"https:\/\/www.petani-lawfirm.com\/wp-content\/uploads\/2026\/01\/623046065_17924852739211056_6348010874581158734_n.jpg\" \r\n                         alt=\"[Imazh i ceremonis\u00eb 1]\" \r\n                         class=\"gallery-img w-full h-72 object-cover\"\r\n                         onerror=\"this.src='https:\/\/via.placeholder.com\/800x600?text=Imazhi+1'\">\r\n                <\/div>\r\n                <div class=\"cursor-pointer overflow-hidden rounded-xl shadow-lg bg-white\" onclick=\"openModal(this.querySelector('img').src)\">\r\n                    <img decoding=\"async\" src=\"https:\/\/www.petani-lawfirm.com\/wp-content\/uploads\/2026\/01\/623051658_17924852748211056_6987880893765650918_n.jpg\" \r\n                         alt=\"[Imazh i ceremonis\u00eb 2]\" \r\n                         class=\"gallery-img w-full h-72 object-cover\"\r\n                         onerror=\"this.src='https:\/\/via.placeholder.com\/800x600?text=Imazhi+2'\">\r\n                <\/div>\r\n                <div class=\"cursor-pointer overflow-hidden rounded-xl shadow-lg bg-white\" onclick=\"openModal(this.querySelector('img').src)\">\r\n                    <img decoding=\"async\" src=\"https:\/\/www.petani-lawfirm.com\/wp-content\/uploads\/2026\/01\/623055491_17924852721211056_7088220992095244510_n-1.jpg\" \r\n                         alt=\"[Imazh i ceremonis\u00eb 3]\" \r\n                         class=\"gallery-img w-full h-72 object-cover\"\r\n                         onerror=\"this.src='https:\/\/via.placeholder.com\/800x600?text=Imazhi+3'\">\r\n                <\/div>\r\n                <div class=\"cursor-pointer overflow-hidden rounded-xl shadow-lg bg-white\" onclick=\"openModal(this.querySelector('img').src)\">\r\n                    <img decoding=\"async\" src=\"https:\/\/www.petani-lawfirm.com\/wp-content\/uploads\/2026\/01\/623155711_17924852730211056_6084129770060386250_n.jpg\" \r\n                         alt=\"[Imazh i ceremonis\u00eb 4]\" \r\n                         class=\"gallery-img w-full h-72 object-cover\"\r\n                         onerror=\"this.src='https:\/\/via.placeholder.com\/800x600?text=Imazhi+4'\">\r\n                <\/div>\r\n            <\/div>\r\n        <\/section>\r\n\r\n        <!-- Footer Contact -->\r\n        <footer class=\"p-8 border-t border-gray-100 text-center bg-white\">\r\n            <p class=\"text-sm text-gray-500 uppercase tracking-widest font-medium\">\u00a9 2026 Petani Law & Tax<\/p>\r\n        <\/footer>\r\n    <\/article>\r\n\r\n    <!-- Simple Lightbox Modal -->\r\n    <div id=\"imageModal\" class=\"fixed inset-0 bg-black\/95 z-50 hidden flex items-center justify-center p-4 transition-opacity duration-300\" onclick=\"closeModal()\">\r\n        <button class=\"absolute top-6 right-6 text-white text-5xl hover:text-gray-300\">&times;<\/button>\r\n        <img decoding=\"async\" id=\"modalImg\" src=\"\" class=\"max-w-full max-h-[85vh] rounded-lg shadow-2xl border-4 border-white\/10\">\r\n    <\/div>\r\n\r\n    <script>\r\n        function openModal(src) {\r\n            document.getElementById('modalImg').src = src;\r\n            const modal = document.getElementById('imageModal');\r\n            modal.classList.remove('hidden');\r\n            document.body.style.overflow = 'hidden';\r\n        }\r\n\r\n        function closeModal() {\r\n            document.getElementById('imageModal').classList.add('hidden');\r\n            document.body.style.overflow = 'auto';\r\n        }\r\n    <\/script>\r\n<\/body>\r\n<\/html>\t\t\t\t<\/div>\n\t\t\t\t<\/div>\n\t\t\t\t\t<\/div>\n\t\t\t\t<\/div>\n\t\t\t\t<\/div>\n\t\t","protected":false},"excerpt":{"rendered":"<p>&nbsp; Lajme &amp; Ngjarje P\u00ebr her\u00eb t\u00eb par\u00eb n\u00eb histori: Ceremonia Solemne e Hapjes s\u00eb Vitit Gjyq\u00ebsor Gjykata e Lart\u00eb e Shqip\u00ebris\u00eb P\u00ebr her\u00eb t\u00eb par\u00eb n\u00eb historin\u00eb e shtetit shqiptar, n\u00eb sall\u00ebn e Kolegjeve t\u00eb Bashkuara t\u00eb Gjykat\u00ebs s\u00eb Lart\u00eb u zhvillua ceremonia solemne e hapjes s\u00eb Vitit Gjyq\u00ebsor, nj\u00eb ngjarje me r\u00ebnd\u00ebsi t\u00eb [&hellip;]<\/p>\n","protected":false},"author":1,"featured_media":3351,"comment_status":"open","ping_status":"open","sticky":false,"template":"elementor_header_footer","format":"gallery","meta":{"footnotes":""},"categories":[23],"tags":[],"class_list":["post-3348","post","type-post","status-publish","format-gallery","has-post-thumbnail","hentry","category-petani-blog","post_format-post-format-gallery"],"yoast_head":"<!-- This site is optimized with the Yoast SEO plugin v27.5 - https:\/\/yoast.com\/product\/yoast-seo-wordpress\/ -->\n<title>Petani Law &amp; Tax n\u00eb ceremonin\u00eb solemne t\u00eb hapjes s\u00eb vitit gjyq\u00ebsor - Petani Law Firm<\/title>\n<meta name=\"robots\" content=\"index, follow, max-snippet:-1, max-image-preview:large, max-video-preview:-1\" \/>\n<link rel=\"canonical\" href=\"https:\/\/www.petani-lawfirm.com\/sq\/petani-law-tax-ne-ceremonine-solemne-te-hapjes-se-vitit-gjyqesor\/\" \/>\n<meta property=\"og:locale\" content=\"sq_AL\" \/>\n<meta property=\"og:type\" content=\"article\" \/>\n<meta property=\"og:title\" content=\"Petani Law &amp; Tax n\u00eb ceremonin\u00eb solemne t\u00eb hapjes s\u00eb vitit gjyq\u00ebsor - Petani Law Firm\" \/>\n<meta property=\"og:description\" content=\"&nbsp; Lajme &amp; Ngjarje P\u00ebr her\u00eb t\u00eb par\u00eb n\u00eb histori: Ceremonia Solemne e Hapjes s\u00eb Vitit Gjyq\u00ebsor Gjykata e Lart\u00eb e Shqip\u00ebris\u00eb P\u00ebr her\u00eb t\u00eb par\u00eb n\u00eb historin\u00eb e shtetit shqiptar, n\u00eb sall\u00ebn e Kolegjeve t\u00eb Bashkuara t\u00eb Gjykat\u00ebs s\u00eb Lart\u00eb u zhvillua ceremonia solemne e hapjes s\u00eb Vitit Gjyq\u00ebsor, nj\u00eb ngjarje me r\u00ebnd\u00ebsi t\u00eb [&hellip;]\" \/>\n<meta property=\"og:url\" content=\"https:\/\/www.petani-lawfirm.com\/sq\/petani-law-tax-ne-ceremonine-solemne-te-hapjes-se-vitit-gjyqesor\/\" \/>\n<meta property=\"og:site_name\" content=\"Petani Law Firm\" \/>\n<meta property=\"article:published_time\" content=\"2026-01-27T14:45:38+00:00\" \/>\n<meta property=\"article:modified_time\" content=\"2026-02-12T12:24:50+00:00\" \/>\n<meta property=\"og:image\" content=\"https:\/\/www.petani-lawfirm.com\/wp-content\/uploads\/2026\/01\/623051658_17924852748211056_6987880893765650918_n.jpg\" \/>\n\t<meta property=\"og:image:width\" content=\"1440\" \/>\n\t<meta property=\"og:image:height\" content=\"1791\" \/>\n\t<meta property=\"og:image:type\" content=\"image\/jpeg\" \/>\n<meta name=\"author\" content=\"Stafi\" \/>\n<meta name=\"twitter:card\" content=\"summary_large_image\" \/>\n<meta name=\"twitter:label1\" content=\"Written by\" \/>\n\t<meta name=\"twitter:data1\" content=\"Stafi\" \/>\n\t<meta name=\"twitter:label2\" content=\"Est. reading time\" \/>\n\t<meta name=\"twitter:data2\" content=\"3 minuta\" \/>\n<script type=\"application\/ld+json\" class=\"yoast-schema-graph\">{\"@context\":\"https:\\\/\\\/schema.org\",\"@graph\":[{\"@type\":\"Article\",\"@id\":\"https:\\\/\\\/www.petani-lawfirm.com\\\/petani-law-tax-ne-ceremonine-solemne-te-hapjes-se-vitit-gjyqesor\\\/#article\",\"isPartOf\":{\"@id\":\"https:\\\/\\\/www.petani-lawfirm.com\\\/petani-law-tax-ne-ceremonine-solemne-te-hapjes-se-vitit-gjyqesor\\\/\"},\"author\":{\"name\":\"Stafi\",\"@id\":\"https:\\\/\\\/www.petani-lawfirm.com\\\/sq\\\/#\\\/schema\\\/person\\\/6dde4e6d9a37ed818d90e2333ea4df90\"},\"headline\":\"Petani Law &#038; Tax n\u00eb ceremonin\u00eb solemne t\u00eb hapjes s\u00eb vitit gjyq\u00ebsor\",\"datePublished\":\"2026-01-27T14:45:38+00:00\",\"dateModified\":\"2026-02-12T12:24:50+00:00\",\"mainEntityOfPage\":{\"@id\":\"https:\\\/\\\/www.petani-lawfirm.com\\\/petani-law-tax-ne-ceremonine-solemne-te-hapjes-se-vitit-gjyqesor\\\/\"},\"wordCount\":253,\"commentCount\":0,\"publisher\":{\"@id\":\"https:\\\/\\\/www.petani-lawfirm.com\\\/sq\\\/#organization\"},\"image\":{\"@id\":\"https:\\\/\\\/www.petani-lawfirm.com\\\/petani-law-tax-ne-ceremonine-solemne-te-hapjes-se-vitit-gjyqesor\\\/#primaryimage\"},\"thumbnailUrl\":\"https:\\\/\\\/www.petani-lawfirm.com\\\/wp-content\\\/uploads\\\/2026\\\/01\\\/623051658_17924852748211056_6987880893765650918_n.jpg\",\"articleSection\":[\"Petani Blog\"],\"inLanguage\":\"sq\",\"potentialAction\":[{\"@type\":\"CommentAction\",\"name\":\"Comment\",\"target\":[\"https:\\\/\\\/www.petani-lawfirm.com\\\/petani-law-tax-ne-ceremonine-solemne-te-hapjes-se-vitit-gjyqesor\\\/#respond\"]}]},{\"@type\":\"WebPage\",\"@id\":\"https:\\\/\\\/www.petani-lawfirm.com\\\/petani-law-tax-ne-ceremonine-solemne-te-hapjes-se-vitit-gjyqesor\\\/\",\"url\":\"https:\\\/\\\/www.petani-lawfirm.com\\\/petani-law-tax-ne-ceremonine-solemne-te-hapjes-se-vitit-gjyqesor\\\/\",\"name\":\"Petani Law & Tax n\u00eb ceremonin\u00eb solemne t\u00eb hapjes s\u00eb vitit gjyq\u00ebsor - Petani Law Firm\",\"isPartOf\":{\"@id\":\"https:\\\/\\\/www.petani-lawfirm.com\\\/sq\\\/#website\"},\"primaryImageOfPage\":{\"@id\":\"https:\\\/\\\/www.petani-lawfirm.com\\\/petani-law-tax-ne-ceremonine-solemne-te-hapjes-se-vitit-gjyqesor\\\/#primaryimage\"},\"image\":{\"@id\":\"https:\\\/\\\/www.petani-lawfirm.com\\\/petani-law-tax-ne-ceremonine-solemne-te-hapjes-se-vitit-gjyqesor\\\/#primaryimage\"},\"thumbnailUrl\":\"https:\\\/\\\/www.petani-lawfirm.com\\\/wp-content\\\/uploads\\\/2026\\\/01\\\/623051658_17924852748211056_6987880893765650918_n.jpg\",\"datePublished\":\"2026-01-27T14:45:38+00:00\",\"dateModified\":\"2026-02-12T12:24:50+00:00\",\"breadcrumb\":{\"@id\":\"https:\\\/\\\/www.petani-lawfirm.com\\\/petani-law-tax-ne-ceremonine-solemne-te-hapjes-se-vitit-gjyqesor\\\/#breadcrumb\"},\"inLanguage\":\"sq\",\"potentialAction\":[{\"@type\":\"ReadAction\",\"target\":[\"https:\\\/\\\/www.petani-lawfirm.com\\\/petani-law-tax-ne-ceremonine-solemne-te-hapjes-se-vitit-gjyqesor\\\/\"]}]},{\"@type\":\"ImageObject\",\"inLanguage\":\"sq\",\"@id\":\"https:\\\/\\\/www.petani-lawfirm.com\\\/petani-law-tax-ne-ceremonine-solemne-te-hapjes-se-vitit-gjyqesor\\\/#primaryimage\",\"url\":\"https:\\\/\\\/www.petani-lawfirm.com\\\/wp-content\\\/uploads\\\/2026\\\/01\\\/623051658_17924852748211056_6987880893765650918_n.jpg\",\"contentUrl\":\"https:\\\/\\\/www.petani-lawfirm.com\\\/wp-content\\\/uploads\\\/2026\\\/01\\\/623051658_17924852748211056_6987880893765650918_n.jpg\",\"width\":1440,\"height\":1791},{\"@type\":\"BreadcrumbList\",\"@id\":\"https:\\\/\\\/www.petani-lawfirm.com\\\/petani-law-tax-ne-ceremonine-solemne-te-hapjes-se-vitit-gjyqesor\\\/#breadcrumb\",\"itemListElement\":[{\"@type\":\"ListItem\",\"position\":1,\"name\":\"Home\",\"item\":\"https:\\\/\\\/www.petani-lawfirm.com\\\/\"},{\"@type\":\"ListItem\",\"position\":2,\"name\":\"Petani Law &#038; Tax n\u00eb ceremonin\u00eb solemne t\u00eb hapjes s\u00eb vitit gjyq\u00ebsor\"}]},{\"@type\":\"WebSite\",\"@id\":\"https:\\\/\\\/www.petani-lawfirm.com\\\/sq\\\/#website\",\"url\":\"https:\\\/\\\/www.petani-lawfirm.com\\\/sq\\\/\",\"name\":\"Petani Law Firm\",\"description\":\"Law Firm in Durr\u00ebs\",\"publisher\":{\"@id\":\"https:\\\/\\\/www.petani-lawfirm.com\\\/sq\\\/#organization\"},\"potentialAction\":[{\"@type\":\"SearchAction\",\"target\":{\"@type\":\"EntryPoint\",\"urlTemplate\":\"https:\\\/\\\/www.petani-lawfirm.com\\\/sq\\\/?s={search_term_string}\"},\"query-input\":{\"@type\":\"PropertyValueSpecification\",\"valueRequired\":true,\"valueName\":\"search_term_string\"}}],\"inLanguage\":\"sq\"},{\"@type\":\"Organization\",\"@id\":\"https:\\\/\\\/www.petani-lawfirm.com\\\/sq\\\/#organization\",\"name\":\"Petani Law Firm\",\"url\":\"https:\\\/\\\/www.petani-lawfirm.com\\\/sq\\\/\",\"logo\":{\"@type\":\"ImageObject\",\"inLanguage\":\"sq\",\"@id\":\"https:\\\/\\\/www.petani-lawfirm.com\\\/sq\\\/#\\\/schema\\\/logo\\\/image\\\/\",\"url\":\"https:\\\/\\\/www.petani-lawfirm.com\\\/wp-content\\\/uploads\\\/2024\\\/04\\\/logo.png\",\"contentUrl\":\"https:\\\/\\\/www.petani-lawfirm.com\\\/wp-content\\\/uploads\\\/2024\\\/04\\\/logo.png\",\"width\":500,\"height\":155,\"caption\":\"Petani Law Firm\"},\"image\":{\"@id\":\"https:\\\/\\\/www.petani-lawfirm.com\\\/sq\\\/#\\\/schema\\\/logo\\\/image\\\/\"}},{\"@type\":\"Person\",\"@id\":\"https:\\\/\\\/www.petani-lawfirm.com\\\/sq\\\/#\\\/schema\\\/person\\\/6dde4e6d9a37ed818d90e2333ea4df90\",\"name\":\"Stafi\",\"image\":{\"@type\":\"ImageObject\",\"inLanguage\":\"sq\",\"@id\":\"https:\\\/\\\/www.petani-lawfirm.com\\\/wp-content\\\/uploads\\\/2025\\\/04\\\/cropped-Untitled-design-30-1-96x96.png\",\"url\":\"https:\\\/\\\/www.petani-lawfirm.com\\\/wp-content\\\/uploads\\\/2025\\\/04\\\/cropped-Untitled-design-30-1-96x96.png\",\"contentUrl\":\"https:\\\/\\\/www.petani-lawfirm.com\\\/wp-content\\\/uploads\\\/2025\\\/04\\\/cropped-Untitled-design-30-1-96x96.png\",\"caption\":\"Stafi\"},\"sameAs\":[\"https:\\\/\\\/www.petani-lawfirm.com\"],\"url\":\"https:\\\/\\\/www.petani-lawfirm.com\\\/sq\\\/author\\\/admin\\\/\"}]}<\/script>\n<!-- \/ Yoast SEO plugin. -->","yoast_head_json":{"title":"Petani Law & Tax n\u00eb ceremonin\u00eb solemne t\u00eb hapjes s\u00eb vitit gjyq\u00ebsor - Petani Law Firm","robots":{"index":"index","follow":"follow","max-snippet":"max-snippet:-1","max-image-preview":"max-image-preview:large","max-video-preview":"max-video-preview:-1"},"canonical":"https:\/\/www.petani-lawfirm.com\/sq\/petani-law-tax-ne-ceremonine-solemne-te-hapjes-se-vitit-gjyqesor\/","og_locale":"sq_AL","og_type":"article","og_title":"Petani Law & Tax n\u00eb ceremonin\u00eb solemne t\u00eb hapjes s\u00eb vitit gjyq\u00ebsor - Petani Law Firm","og_description":"&nbsp; Lajme &amp; Ngjarje P\u00ebr her\u00eb t\u00eb par\u00eb n\u00eb histori: Ceremonia Solemne e Hapjes s\u00eb Vitit Gjyq\u00ebsor Gjykata e Lart\u00eb e Shqip\u00ebris\u00eb P\u00ebr her\u00eb t\u00eb par\u00eb n\u00eb historin\u00eb e shtetit shqiptar, n\u00eb sall\u00ebn e Kolegjeve t\u00eb Bashkuara t\u00eb Gjykat\u00ebs s\u00eb Lart\u00eb u zhvillua ceremonia solemne e hapjes s\u00eb Vitit Gjyq\u00ebsor, nj\u00eb ngjarje me r\u00ebnd\u00ebsi t\u00eb [&hellip;]","og_url":"https:\/\/www.petani-lawfirm.com\/sq\/petani-law-tax-ne-ceremonine-solemne-te-hapjes-se-vitit-gjyqesor\/","og_site_name":"Petani Law Firm","article_published_time":"2026-01-27T14:45:38+00:00","article_modified_time":"2026-02-12T12:24:50+00:00","og_image":[{"width":1440,"height":1791,"url":"https:\/\/www.petani-lawfirm.com\/wp-content\/uploads\/2026\/01\/623051658_17924852748211056_6987880893765650918_n.jpg","type":"image\/jpeg"}],"author":"Stafi","twitter_card":"summary_large_image","twitter_misc":{"Written by":"Stafi","Est. reading time":"3 minuta"},"schema":{"@context":"https:\/\/schema.org","@graph":[{"@type":"Article","@id":"https:\/\/www.petani-lawfirm.com\/petani-law-tax-ne-ceremonine-solemne-te-hapjes-se-vitit-gjyqesor\/#article","isPartOf":{"@id":"https:\/\/www.petani-lawfirm.com\/petani-law-tax-ne-ceremonine-solemne-te-hapjes-se-vitit-gjyqesor\/"},"author":{"name":"Stafi","@id":"https:\/\/www.petani-lawfirm.com\/sq\/#\/schema\/person\/6dde4e6d9a37ed818d90e2333ea4df90"},"headline":"Petani Law &#038; Tax n\u00eb ceremonin\u00eb solemne t\u00eb hapjes s\u00eb vitit gjyq\u00ebsor","datePublished":"2026-01-27T14:45:38+00:00","dateModified":"2026-02-12T12:24:50+00:00","mainEntityOfPage":{"@id":"https:\/\/www.petani-lawfirm.com\/petani-law-tax-ne-ceremonine-solemne-te-hapjes-se-vitit-gjyqesor\/"},"wordCount":253,"commentCount":0,"publisher":{"@id":"https:\/\/www.petani-lawfirm.com\/sq\/#organization"},"image":{"@id":"https:\/\/www.petani-lawfirm.com\/petani-law-tax-ne-ceremonine-solemne-te-hapjes-se-vitit-gjyqesor\/#primaryimage"},"thumbnailUrl":"https:\/\/www.petani-lawfirm.com\/wp-content\/uploads\/2026\/01\/623051658_17924852748211056_6987880893765650918_n.jpg","articleSection":["Petani Blog"],"inLanguage":"sq","potentialAction":[{"@type":"CommentAction","name":"Comment","target":["https:\/\/www.petani-lawfirm.com\/petani-law-tax-ne-ceremonine-solemne-te-hapjes-se-vitit-gjyqesor\/#respond"]}]},{"@type":"WebPage","@id":"https:\/\/www.petani-lawfirm.com\/petani-law-tax-ne-ceremonine-solemne-te-hapjes-se-vitit-gjyqesor\/","url":"https:\/\/www.petani-lawfirm.com\/petani-law-tax-ne-ceremonine-solemne-te-hapjes-se-vitit-gjyqesor\/","name":"Petani Law & Tax n\u00eb ceremonin\u00eb solemne t\u00eb hapjes s\u00eb vitit gjyq\u00ebsor - Petani Law Firm","isPartOf":{"@id":"https:\/\/www.petani-lawfirm.com\/sq\/#website"},"primaryImageOfPage":{"@id":"https:\/\/www.petani-lawfirm.com\/petani-law-tax-ne-ceremonine-solemne-te-hapjes-se-vitit-gjyqesor\/#primaryimage"},"image":{"@id":"https:\/\/www.petani-lawfirm.com\/petani-law-tax-ne-ceremonine-solemne-te-hapjes-se-vitit-gjyqesor\/#primaryimage"},"thumbnailUrl":"https:\/\/www.petani-lawfirm.com\/wp-content\/uploads\/2026\/01\/623051658_17924852748211056_6987880893765650918_n.jpg","datePublished":"2026-01-27T14:45:38+00:00","dateModified":"2026-02-12T12:24:50+00:00","breadcrumb":{"@id":"https:\/\/www.petani-lawfirm.com\/petani-law-tax-ne-ceremonine-solemne-te-hapjes-se-vitit-gjyqesor\/#breadcrumb"},"inLanguage":"sq","potentialAction":[{"@type":"ReadAction","target":["https:\/\/www.petani-lawfirm.com\/petani-law-tax-ne-ceremonine-solemne-te-hapjes-se-vitit-gjyqesor\/"]}]},{"@type":"ImageObject","inLanguage":"sq","@id":"https:\/\/www.petani-lawfirm.com\/petani-law-tax-ne-ceremonine-solemne-te-hapjes-se-vitit-gjyqesor\/#primaryimage","url":"https:\/\/www.petani-lawfirm.com\/wp-content\/uploads\/2026\/01\/623051658_17924852748211056_6987880893765650918_n.jpg","contentUrl":"https:\/\/www.petani-lawfirm.com\/wp-content\/uploads\/2026\/01\/623051658_17924852748211056_6987880893765650918_n.jpg","width":1440,"height":1791},{"@type":"BreadcrumbList","@id":"https:\/\/www.petani-lawfirm.com\/petani-law-tax-ne-ceremonine-solemne-te-hapjes-se-vitit-gjyqesor\/#breadcrumb","itemListElement":[{"@type":"ListItem","position":1,"name":"Home","item":"https:\/\/www.petani-lawfirm.com\/"},{"@type":"ListItem","position":2,"name":"Petani Law &#038; Tax n\u00eb ceremonin\u00eb solemne t\u00eb hapjes s\u00eb vitit gjyq\u00ebsor"}]},{"@type":"WebSite","@id":"https:\/\/www.petani-lawfirm.com\/sq\/#website","url":"https:\/\/www.petani-lawfirm.com\/sq\/","name":"Petani Law Firm","description":"Law Firm in Durr\u00ebs","publisher":{"@id":"https:\/\/www.petani-lawfirm.com\/sq\/#organization"},"potentialAction":[{"@type":"SearchAction","target":{"@type":"EntryPoint","urlTemplate":"https:\/\/www.petani-lawfirm.com\/sq\/?s={search_term_string}"},"query-input":{"@type":"PropertyValueSpecification","valueRequired":true,"valueName":"search_term_string"}}],"inLanguage":"sq"},{"@type":"Organization","@id":"https:\/\/www.petani-lawfirm.com\/sq\/#organization","name":"Petani Law Firm","url":"https:\/\/www.petani-lawfirm.com\/sq\/","logo":{"@type":"ImageObject","inLanguage":"sq","@id":"https:\/\/www.petani-lawfirm.com\/sq\/#\/schema\/logo\/image\/","url":"https:\/\/www.petani-lawfirm.com\/wp-content\/uploads\/2024\/04\/logo.png","contentUrl":"https:\/\/www.petani-lawfirm.com\/wp-content\/uploads\/2024\/04\/logo.png","width":500,"height":155,"caption":"Petani Law Firm"},"image":{"@id":"https:\/\/www.petani-lawfirm.com\/sq\/#\/schema\/logo\/image\/"}},{"@type":"Person","@id":"https:\/\/www.petani-lawfirm.com\/sq\/#\/schema\/person\/6dde4e6d9a37ed818d90e2333ea4df90","name":"Stafi","image":{"@type":"ImageObject","inLanguage":"sq","@id":"https:\/\/www.petani-lawfirm.com\/wp-content\/uploads\/2025\/04\/cropped-Untitled-design-30-1-96x96.png","url":"https:\/\/www.petani-lawfirm.com\/wp-content\/uploads\/2025\/04\/cropped-Untitled-design-30-1-96x96.png","contentUrl":"https:\/\/www.petani-lawfirm.com\/wp-content\/uploads\/2025\/04\/cropped-Untitled-design-30-1-96x96.png","caption":"Stafi"},"sameAs":["https:\/\/www.petani-lawfirm.com"],"url":"https:\/\/www.petani-lawfirm.com\/sq\/author\/admin\/"}]}},"_links":{"self":[{"href":"https:\/\/www.petani-lawfirm.com\/sq\/wp-json\/wp\/v2\/posts\/3348","targetHints":{"allow":["GET"]}}],"collection":[{"href":"https:\/\/www.petani-lawfirm.com\/sq\/wp-json\/wp\/v2\/posts"}],"about":[{"href":"https:\/\/www.petani-lawfirm.com\/sq\/wp-json\/wp\/v2\/types\/post"}],"author":[{"embeddable":true,"href":"https:\/\/www.petani-lawfirm.com\/sq\/wp-json\/wp\/v2\/users\/1"}],"replies":[{"embeddable":true,"href":"https:\/\/www.petani-lawfirm.com\/sq\/wp-json\/wp\/v2\/comments?post=3348"}],"version-history":[{"count":6,"href":"https:\/\/www.petani-lawfirm.com\/sq\/wp-json\/wp\/v2\/posts\/3348\/revisions"}],"predecessor-version":[{"id":3362,"href":"https:\/\/www.petani-lawfirm.com\/sq\/wp-json\/wp\/v2\/posts\/3348\/revisions\/3362"}],"wp:featuredmedia":[{"embeddable":true,"href":"https:\/\/www.petani-lawfirm.com\/sq\/wp-json\/wp\/v2\/media\/3351"}],"wp:attachment":[{"href":"https:\/\/www.petani-lawfirm.com\/sq\/wp-json\/wp\/v2\/media?parent=3348"}],"wp:term":[{"taxonomy":"category","embeddable":true,"href":"https:\/\/www.petani-lawfirm.com\/sq\/wp-json\/wp\/v2\/categories?post=3348"},{"taxonomy":"post_tag","embeddable":true,"href":"https:\/\/www.petani-lawfirm.com\/sq\/wp-json\/wp\/v2\/tags?post=3348"}],"curies":[{"name":"wp","href":"https:\/\/api.w.org\/{rel}","templated":true}]}}